{"id":14903,"date":"2021-05-26T16:21:49","date_gmt":"2021-05-26T13:21:49","guid":{"rendered":"https:\/\/harti.wansait.com\/?p=14903"},"modified":"2021-05-26T16:21:49","modified_gmt":"2021-05-26T13:21:49","slug":"puterea-de-cumparare-in-fiecare-din-regiunile-uniunii-europene-nuts3-2017-2020","status":"publish","type":"post","link":"https:\/\/harti.wansait.com\/en\/2021\/puterea-de-cumparare-in-fiecare-din-regiunile-uniunii-europene-nuts3-2017-2020\/","title":{"rendered":"Purchasing power in each of the regions of the European Union \u2013 NUTS3, 2017-2020"},"content":{"rendered":"<p>Distribution of GDP - relative to the Standard Purchasing Power PPS - at the level of the NUTS-3 regions of the European Union, which in Romania correspond to the counties. Data source and interpretation: <a href=\"https:\/\/wansait.com\/cele-3-romanii\/\">Wansait.com \u2013 The 3 Romanians<\/a>.<\/p>\n<p><a href=\"https:\/\/harti.wansait.com\/wp-content\/uploads\/2021\/05\/Classification_of_NUTS_level_3_regions_based_on_their_GDP_per_inhabitant_in_PPS_2017_NA20.png\"><img loading=\"lazy\" decoding=\"async\" data-attachment-id=\"14904\" data-permalink=\"https:\/\/harti.wansait.com\/en\/2021\/puterea-de-cumparare-in-fiecare-din-regiunile-uniunii-europene-nuts3-2017-2020\/classification_of_nuts_level_3_regions_based_on_their_gdp_per_inhabitant_in_pps_2017_na20\/\" data-orig-file=\"https:\/\/harti.wansait.com\/wp-content\/uploads\/2021\/05\/Classification_of_NUTS_level_3_regions_based_on_their_GDP_per_inhabitant_in_PPS_2017_NA20.png\" data-orig-size=\"1588,2246\" data-comments-opened=\"1\" data-image-meta=\"{&quot;aperture&quot;:&quot;0&quot;,&quot;credit&quot;:&quot;&quot;,&quot;camera&quot;:&quot;&quot;,&quot;caption&quot;:&quot;&quot;,&quot;created_timestamp&quot;:&quot;0&quot;,&quot;copyright&quot;:&quot;&quot;,&quot;focal_length&quot;:&quot;0&quot;,&quot;iso&quot;:&quot;0&quot;,&quot;shutter_speed&quot;:&quot;0&quot;,&quot;title&quot;:&quot;&quot;,&quot;orientation&quot;:&quot;0&quot;}\" data-image-title=\"Classification_of_NUTS_level_3_regions_based_on_their_GDP_per_inhabitant_in_PPS,_2017_NA20\" data-image-description=\"\" data-image-caption=\"\" data-medium-file=\"https:\/\/harti.wansait.com\/wp-content\/uploads\/2021\/05\/Classification_of_NUTS_level_3_regions_based_on_their_GDP_per_inhabitant_in_PPS_2017_NA20-600x849.png\" data-large-file=\"https:\/\/harti.wansait.com\/wp-content\/uploads\/2021\/05\/Classification_of_NUTS_level_3_regions_based_on_their_GDP_per_inhabitant_in_PPS_2017_NA20.png\" class=\"size-medium wp-image-14904 alignleft\" src=\"https:\/\/harti.wansait.com\/wp-content\/uploads\/2021\/05\/Classification_of_NUTS_level_3_regions_based_on_their_GDP_per_inhabitant_in_PPS_2017_NA20-600x849.png\" alt=\"\" width=\"600\" height=\"849\" srcset=\"https:\/\/harti.wansait.com\/wp-content\/uploads\/2021\/05\/Classification_of_NUTS_level_3_regions_based_on_their_GDP_per_inhabitant_in_PPS_2017_NA20-600x849.png 600w, https:\/\/harti.wansait.com\/wp-content\/uploads\/2021\/05\/Classification_of_NUTS_level_3_regions_based_on_their_GDP_per_inhabitant_in_PPS_2017_NA20-768x1086.png 768w, https:\/\/harti.wansait.com\/wp-content\/uploads\/2021\/05\/Classification_of_NUTS_level_3_regions_based_on_their_GDP_per_inhabitant_in_PPS_2017_NA20-1086x1536.png 1086w, https:\/\/harti.wansait.com\/wp-content\/uploads\/2021\/05\/Classification_of_NUTS_level_3_regions_based_on_their_GDP_per_inhabitant_in_PPS_2017_NA20-1448x2048.png 1448w, https:\/\/harti.wansait.com\/wp-content\/uploads\/2021\/05\/Classification_of_NUTS_level_3_regions_based_on_their_GDP_per_inhabitant_in_PPS_2017_NA20.png 1588w\" sizes=\"auto, (max-width: 600px) 100vw, 600px\" \/><\/a><\/p>\n<p>&nbsp;<\/p>","protected":false},"excerpt":{"rendered":"<p>GDP distribution - relative to PPS standard purchasing power - at the level of the European Union NUTS-3 regions, which in Romania correspond to the counties. Data source and interpretation: Wansait.com \u2013 The 3 Romanians. &nbsp;<\/p>","protected":false},"author":2,"featured_media":14904,"comment_status":"open","ping_status":"open","sticky":false,"template":"","format":"standard","meta":{"_sitemap_exclude":false,"_sitemap_priority":"","_sitemap_frequency":"","neve_meta_sidebar":"","neve_meta_container":"","neve_meta_enable_content_width":"","neve_meta_content_width":0,"neve_meta_title_alignment":"","neve_meta_author_avatar":"","neve_post_elements_order":"","neve_meta_disable_header":"","neve_meta_disable_footer":"","neve_meta_disable_title":"","jetpack_post_was_ever_published":false,"_jetpack_newsletter_access":"","_jetpack_dont_email_post_to_subs":false,"_jetpack_newsletter_tier_id":0,"_jetpack_memberships_contains_paywalled_content":false,"_jetpack_memberships_contains_paid_content":false,"footnotes":""},"categories":[736],"tags":[],"class_list":["post-14903","post","type-post","status-publish","format-standard","has-post-thumbnail","hentry","category-economical-maps"],"jetpack_featured_media_url":"https:\/\/harti.wansait.com\/wp-content\/uploads\/2021\/05\/Classification_of_NUTS_level_3_regions_based_on_their_GDP_per_inhabitant_in_PPS_2017_NA20.png","jetpack_sharing_enabled":true,"jetpack-related-posts":[{"id":14966,"url":"https:\/\/harti.wansait.com\/en\/2023\/harta-tarilor-in-care-salariile-profesorilor-sunt-mai-mici-decat-in-romania\/","url_meta":{"origin":14903,"position":0},"title":"Map of countries where teachers&#039; salaries are lower than in Romania","author":"hrnicu","date":"April 30, 2023","format":false,"excerpt":"Salariile \u00een Rom\u00e2nia au crescut semnificativ \u00een ultimii 10 ani. \u00cen prezent, dup\u0103 ce salariul minim a crescut \u00een Rom\u00e2nia aproape an de an, iar cele din \u00eenv\u0103\u021b\u0103m\u00e2nt au crescut \u0219i prin legi speciale, salariile \u00een \u00eenv\u0103\u021b\u0103m\u00e2ntul din Rom\u00e2nia dep\u0103\u0219esc toate \u021b\u0103rile din jur, at\u00e2t ca valoare brut\u0103, c\u00e2t \u0219i\u2026","rel":"","context":"In &quot;Economical Maps&quot;","block_context":{"text":"Economical Maps","link":"https:\/\/harti.wansait.com\/en\/category\/economical-maps\/"},"img":{"alt_text":"","src":"https:\/\/i0.wp.com\/harti.wansait.com\/wp-content\/uploads\/2023\/04\/eduppsmapero.gif?resize=350%2C200&ssl=1","width":350,"height":200,"srcset":"https:\/\/i0.wp.com\/harti.wansait.com\/wp-content\/uploads\/2023\/04\/eduppsmapero.gif?resize=350%2C200&ssl=1 1x, https:\/\/i0.wp.com\/harti.wansait.com\/wp-content\/uploads\/2023\/04\/eduppsmapero.gif?resize=525%2C300&ssl=1 1.5x, https:\/\/i0.wp.com\/harti.wansait.com\/wp-content\/uploads\/2023\/04\/eduppsmapero.gif?resize=700%2C400&ssl=1 2x"},"classes":[]},{"id":14945,"url":"https:\/\/harti.wansait.com\/en\/2022\/harta-retelelor-de-energie-electrica-din-europa\/","url_meta":{"origin":14903,"position":1},"title":"Map of electricity networks in Europe","author":"hrnicu","date":"August 19, 2022","format":false,"excerpt":"Energie - Harta re\u021belelor de energie electric\u0103 din Uniunea European\u0103 \u0219i \u021b\u0103rile vecine. Pe hart\u0103 apar centralele termoelectrice \u0219i cele hidroelectrice din toate \u021b\u0103rile, liniile de mare putere, interconectorii. Centralele atomice sunt clasificate ca termoelectrice, dat fiind procedeul de ob\u021binere a energiei \u0219i lipsa caracterului sezonier \u00een producerea energiei, cum\u2026","rel":"","context":"In &quot;Economical Maps&quot;","block_context":{"text":"Economical Maps","link":"https:\/\/harti.wansait.com\/en\/category\/economical-maps\/"},"img":{"alt_text":"","src":"https:\/\/i0.wp.com\/harti.wansait.com\/wp-content\/uploads\/2022\/08\/UCTE_map_EU.gif?resize=350%2C200&ssl=1","width":350,"height":200,"srcset":"https:\/\/i0.wp.com\/harti.wansait.com\/wp-content\/uploads\/2022\/08\/UCTE_map_EU.gif?resize=350%2C200&ssl=1 1x, https:\/\/i0.wp.com\/harti.wansait.com\/wp-content\/uploads\/2022\/08\/UCTE_map_EU.gif?resize=525%2C300&ssl=1 1.5x, https:\/\/i0.wp.com\/harti.wansait.com\/wp-content\/uploads\/2022\/08\/UCTE_map_EU.gif?resize=700%2C400&ssl=1 2x, https:\/\/i0.wp.com\/harti.wansait.com\/wp-content\/uploads\/2022\/08\/UCTE_map_EU.gif?resize=1050%2C600&ssl=1 3x"},"classes":[]},{"id":15141,"url":"https:\/\/harti.wansait.com\/en\/2023\/harta-consumului-de-petrol-in-europa-tendinte\/","url_meta":{"origin":14903,"position":2},"title":"Map of oil consumption in Europe: trends","author":"hrnicu","date":"September 8, 2023","format":false,"excerpt":"ENGLISH VERSION UPDATE: 2024 Europa a fost cel mai mare consumator de petrol care nu avea resurse proprii. Istoric, Rom\u00e2nia era singurul stat european cu z\u0103c\u0103minte terestre. Cantitatea extras\u0103 din Rom\u00e2nia a sc\u0103zut constant dup\u0103 al doilea r\u0103zboi mondial. Descoperirea de z\u0103c\u0103minte \u00een Marea Nordului \u0219i \u00een alte regiuni nu\u2026","rel":"","context":"In &quot;Economical Maps&quot;","block_context":{"text":"Economical Maps","link":"https:\/\/harti.wansait.com\/en\/category\/economical-maps\/"},"img":{"alt_text":"","src":"https:\/\/i0.wp.com\/harti.wansait.com\/wp-content\/uploads\/2023\/09\/consumul-de-petrol-ue.webp?resize=350%2C200&ssl=1","width":350,"height":200,"srcset":"https:\/\/i0.wp.com\/harti.wansait.com\/wp-content\/uploads\/2023\/09\/consumul-de-petrol-ue.webp?resize=350%2C200&ssl=1 1x, https:\/\/i0.wp.com\/harti.wansait.com\/wp-content\/uploads\/2023\/09\/consumul-de-petrol-ue.webp?resize=525%2C300&ssl=1 1.5x, https:\/\/i0.wp.com\/harti.wansait.com\/wp-content\/uploads\/2023\/09\/consumul-de-petrol-ue.webp?resize=700%2C400&ssl=1 2x"},"classes":[]},{"id":15284,"url":"https:\/\/harti.wansait.com\/en\/2024\/harta-schengen-2024\/","url_meta":{"origin":14903,"position":3},"title":"Schengen map 2024","author":"hrnicu","date":"August 4, 2024","format":false,"excerpt":"Datorit\u0103 Acordului Schengen, putem c\u0103l\u0103tori cu u\u0219urin\u021b\u0103 \u00een \u00eentreaga Europ\u0103 f\u0103r\u0103 a prezenta un pa\u0219aport sau un act de identitate atunci c\u00e2nd trecem grani\u021bele. Schengen r\u0103m\u00e2ne o \u201ebijuterie a coroanei\u201d pentru integrarea european\u0103. vezi articolul Cele \u0219ase fa\u021bete ale UE \u00een revista CULTURA pentru o prezentare pe larg a dimensiunilor\u2026","rel":"","context":"In &quot;Illustrated maps&quot;","block_context":{"text":"Illustrated maps","link":"https:\/\/harti.wansait.com\/en\/category\/illustrated-maps\/"},"img":{"alt_text":"","src":"https:\/\/i0.wp.com\/harti.wansait.com\/wp-content\/uploads\/2024\/08\/schengen_2024.webp?resize=350%2C200&ssl=1","width":350,"height":200,"srcset":"https:\/\/i0.wp.com\/harti.wansait.com\/wp-content\/uploads\/2024\/08\/schengen_2024.webp?resize=350%2C200&ssl=1 1x, https:\/\/i0.wp.com\/harti.wansait.com\/wp-content\/uploads\/2024\/08\/schengen_2024.webp?resize=525%2C300&ssl=1 1.5x, https:\/\/i0.wp.com\/harti.wansait.com\/wp-content\/uploads\/2024\/08\/schengen_2024.webp?resize=700%2C400&ssl=1 2x"},"classes":[]},{"id":14683,"url":"https:\/\/harti.wansait.com\/en\/2012\/bovec\/","url_meta":{"origin":14903,"position":4},"title":"Bovec","author":"hrnicu","date":"November 18, 2012","format":false,"excerpt":"Satiunea se afla la poalele Muntilor Alpi, in apropierea granitei cu Austria si Italia (Sella Nevea \u2013 25 km, Tarvisio \u2013 30 km, Arnoldstein \u2013 45 km). Este cea mai inalta regiune de schi din Slovenia , partiile fiind la o altitudine de 1.600-2.289 m. O trasatura speciala a statiunii\u2026","rel":"","context":"In &quot;ski&quot;","block_context":{"text":"ski","link":"https:\/\/harti.wansait.com\/en\/category\/ski\/"},"img":{"alt_text":"","src":"https:\/\/i0.wp.com\/harti.wansait.com\/wp-content\/uploads\/2012\/11\/bovec_ski_harta.webp?resize=350%2C200&ssl=1","width":350,"height":200,"srcset":"https:\/\/i0.wp.com\/harti.wansait.com\/wp-content\/uploads\/2012\/11\/bovec_ski_harta.webp?resize=350%2C200&ssl=1 1x, https:\/\/i0.wp.com\/harti.wansait.com\/wp-content\/uploads\/2012\/11\/bovec_ski_harta.webp?resize=525%2C300&ssl=1 1.5x, https:\/\/i0.wp.com\/harti.wansait.com\/wp-content\/uploads\/2012\/11\/bovec_ski_harta.webp?resize=700%2C400&ssl=1 2x, https:\/\/i0.wp.com\/harti.wansait.com\/wp-content\/uploads\/2012\/11\/bovec_ski_harta.webp?resize=1050%2C600&ssl=1 3x, https:\/\/i0.wp.com\/harti.wansait.com\/wp-content\/uploads\/2012\/11\/bovec_ski_harta.webp?resize=1400%2C800&ssl=1 4x"},"classes":[]},{"id":15312,"url":"https:\/\/harti.wansait.com\/en\/2025\/harta-3d-a-americii-de-sud\/","url_meta":{"origin":14903,"position":5},"title":"3d map of South America","author":"hrnicu","date":"June 17, 2025","format":false,"excerpt":"America de Sud este un continent extraordinar, plin de contraste geografice \u0219i culturale. Din toate punctele de vedere, este mai divers \u0219i mai spectaculos dec\u00e2t toate celelalte. Cu o suprafa\u021b\u0103 de aproximativ 17,8 milioane de kilometri p\u0103tra\u021bi, este al patrulea continent ca m\u0103rime, dup\u0103 Asia, Africa \u0219i America de Nord.\u2026","rel":"","context":"In &quot;Relief Maps&quot;","block_context":{"text":"Relief Maps","link":"https:\/\/harti.wansait.com\/en\/category\/relief-maps\/"},"img":{"alt_text":"","src":"https:\/\/i0.wp.com\/harti.wansait.com\/wp-content\/uploads\/2025\/06\/america-sud-3d_n.webp?resize=350%2C200&ssl=1","width":350,"height":200,"srcset":"https:\/\/i0.wp.com\/harti.wansait.com\/wp-content\/uploads\/2025\/06\/america-sud-3d_n.webp?resize=350%2C200&ssl=1 1x, https:\/\/i0.wp.com\/harti.wansait.com\/wp-content\/uploads\/2025\/06\/america-sud-3d_n.webp?resize=525%2C300&ssl=1 1.5x, https:\/\/i0.wp.com\/harti.wansait.com\/wp-content\/uploads\/2025\/06\/america-sud-3d_n.webp?resize=700%2C400&ssl=1 2x"},"classes":[]}],"_links":{"self":[{"href":"https:\/\/harti.wansait.com\/en\/wp-json\/wp\/v2\/posts\/14903","targetHints":{"allow":["GET"]}}],"collection":[{"href":"https:\/\/harti.wansait.com\/en\/wp-json\/wp\/v2\/posts"}],"about":[{"href":"https:\/\/harti.wansait.com\/en\/wp-json\/wp\/v2\/types\/post"}],"author":[{"embeddable":true,"href":"https:\/\/harti.wansait.com\/en\/wp-json\/wp\/v2\/users\/2"}],"replies":[{"embeddable":true,"href":"https:\/\/harti.wansait.com\/en\/wp-json\/wp\/v2\/comments?post=14903"}],"version-history":[{"count":1,"href":"https:\/\/harti.wansait.com\/en\/wp-json\/wp\/v2\/posts\/14903\/revisions"}],"predecessor-version":[{"id":14905,"href":"https:\/\/harti.wansait.com\/en\/wp-json\/wp\/v2\/posts\/14903\/revisions\/14905"}],"wp:featuredmedia":[{"embeddable":true,"href":"https:\/\/harti.wansait.com\/en\/wp-json\/wp\/v2\/media\/14904"}],"wp:attachment":[{"href":"https:\/\/harti.wansait.com\/en\/wp-json\/wp\/v2\/media?parent=14903"}],"wp:term":[{"taxonomy":"category","embeddable":true,"href":"https:\/\/harti.wansait.com\/en\/wp-json\/wp\/v2\/categories?post=14903"},{"taxonomy":"post_tag","embeddable":true,"href":"https:\/\/harti.wansait.com\/en\/wp-json\/wp\/v2\/tags?post=14903"}],"curies":[{"name":"wp","href":"https:\/\/api.w.org\/{rel}","templated":true}]}}