{"id":14899,"date":"2021-03-13T16:12:46","date_gmt":"2021-03-13T14:12:46","guid":{"rendered":"https:\/\/harti.wansait.com\/?p=14899"},"modified":"2022-05-13T12:53:24","modified_gmt":"2022-05-13T09:53:24","slug":"stamtorile-turciei","status":"publish","type":"post","link":"https:\/\/harti.wansait.com\/ro_ro\/2021\/stamtorile-turciei\/","title":{"rendered":"St\u00e2mtorile Turciei"},"content":{"rendered":"<p><a href=\"https:\/\/harti.wansait.com\/wp-content\/uploads\/2021\/03\/turcia-stramtori.jpg\"><img loading=\"lazy\" decoding=\"async\" data-attachment-id=\"14900\" data-permalink=\"https:\/\/harti.wansait.com\/ro_ro\/2021\/stamtorile-turciei\/turcia-stramtori\/\" data-orig-file=\"https:\/\/harti.wansait.com\/wp-content\/uploads\/2021\/03\/turcia-stramtori.jpg\" data-orig-size=\"1000,540\" data-comments-opened=\"1\" data-image-meta=\"{&quot;aperture&quot;:&quot;0&quot;,&quot;credit&quot;:&quot;&quot;,&quot;camera&quot;:&quot;&quot;,&quot;caption&quot;:&quot;&quot;,&quot;created_timestamp&quot;:&quot;0&quot;,&quot;copyright&quot;:&quot;&quot;,&quot;focal_length&quot;:&quot;0&quot;,&quot;iso&quot;:&quot;0&quot;,&quot;shutter_speed&quot;:&quot;0&quot;,&quot;title&quot;:&quot;&quot;,&quot;orientation&quot;:&quot;0&quot;}\" data-image-title=\"turcia-stramtori\" data-image-description=\"\" data-image-caption=\"\" data-medium-file=\"https:\/\/harti.wansait.com\/wp-content\/uploads\/2021\/03\/turcia-stramtori-600x324.jpg\" data-large-file=\"https:\/\/harti.wansait.com\/wp-content\/uploads\/2021\/03\/turcia-stramtori.jpg\" class=\"alignnone wp-image-14900 size-full\" src=\"https:\/\/harti.wansait.com\/wp-content\/uploads\/2021\/03\/turcia-stramtori.jpg\" alt=\"\" width=\"1000\" height=\"540\" srcset=\"https:\/\/harti.wansait.com\/wp-content\/uploads\/2021\/03\/turcia-stramtori.jpg 1000w, https:\/\/harti.wansait.com\/wp-content\/uploads\/2021\/03\/turcia-stramtori-600x324.jpg 600w, https:\/\/harti.wansait.com\/wp-content\/uploads\/2021\/03\/turcia-stramtori-768x415.jpg 768w\" sizes=\"auto, (max-width: 1000px) 100vw, 1000px\" \/><\/a><\/p>\n<p>vezi video <a href=\"https:\/\/www.youtube.com\/watch?v=uhJgs0Hnb8s\">Problema str\u00e2mtorilor \u00een rela\u021biile rom\u00e2no-turce<\/a><\/p>\n<p>custom map by National Geographic MapMaker<\/p>\n<p>Localit\u0103\u021bi de referin\u021b\u0103: Istanbul, Canakkale, Gallipoli, Bursa, Edirne<\/p>\n","protected":false},"excerpt":{"rendered":"<p>vezi video Problema str\u00e2mtorilor \u00een rela\u021biile rom\u00e2no-turce custom map by National Geographic MapMaker Localit\u0103\u021bi de referin\u021b\u0103: Istanbul, Canakkale, Gallipoli, Bursa, Edirne<\/p>\n","protected":false},"author":2,"featured_media":14900,"comment_status":"open","ping_status":"open","sticky":false,"template":"","format":"standard","meta":{"_sitemap_exclude":false,"_sitemap_priority":"","_sitemap_frequency":"","neve_meta_sidebar":"","neve_meta_container":"","neve_meta_enable_content_width":"","neve_meta_content_width":0,"neve_meta_title_alignment":"","neve_meta_author_avatar":"","neve_post_elements_order":"","neve_meta_disable_header":"","neve_meta_disable_footer":"","neve_meta_disable_title":"","jetpack_post_was_ever_published":false,"_jetpack_newsletter_access":"","_jetpack_dont_email_post_to_subs":false,"_jetpack_newsletter_tier_id":0,"_jetpack_memberships_contains_paywalled_content":false,"_jetpack_memberships_contains_paid_content":false,"footnotes":""},"categories":[1],"tags":[1249,1248],"class_list":["post-14899","post","type-post","status-publish","format-standard","has-post-thumbnail","hentry","category-uncategorized","tag-istanbul","tag-turcia"],"jetpack_featured_media_url":"https:\/\/harti.wansait.com\/wp-content\/uploads\/2021\/03\/turcia-stramtori.jpg","jetpack_sharing_enabled":true,"jetpack-related-posts":[{"id":14910,"url":"https:\/\/harti.wansait.com\/ro_ro\/2022\/harta-rutiera-a-bulgariei\/","url_meta":{"origin":14899,"position":0},"title":"Harta rutier\u0103 \u2013 simplificat\u0103 \u2013 a Bulgariei","author":"hrnicu","date":"ianuarie 9, 2022","format":false,"excerpt":"\u00a0 Harta principalelor \u0219osele din Bulgaria Principala cale rutier\u0103 din Bulgaria este autostrada nord-sud care trece prin capitala Sofia \u0219i leag\u0103 Vidin - la grani\u021ba cu Rom\u00e2nia, de nordul Greciei. Drumurile est-vest sunt de rang 2 \u0219i leag\u0103 Ruse\/Giurgiu de Varna, pe litoral, sau fac conexiuni \u00eentre Serbia sau Macedonia\u2026","rel":"","context":"\u00cen \u201eTraffic Maps\u201d","block_context":{"text":"Traffic Maps","link":"https:\/\/harti.wansait.com\/ro_ro\/category\/traffic-maps\/"},"img":{"alt_text":"","src":"https:\/\/i0.wp.com\/harti.wansait.com\/wp-content\/uploads\/2022\/01\/harta-rutiera-bulgaria.png?resize=350%2C200&ssl=1","width":350,"height":200,"srcset":"https:\/\/i0.wp.com\/harti.wansait.com\/wp-content\/uploads\/2022\/01\/harta-rutiera-bulgaria.png?resize=350%2C200&ssl=1 1x, https:\/\/i0.wp.com\/harti.wansait.com\/wp-content\/uploads\/2022\/01\/harta-rutiera-bulgaria.png?resize=525%2C300&ssl=1 1.5x, https:\/\/i0.wp.com\/harti.wansait.com\/wp-content\/uploads\/2022\/01\/harta-rutiera-bulgaria.png?resize=700%2C400&ssl=1 2x, https:\/\/i0.wp.com\/harti.wansait.com\/wp-content\/uploads\/2022\/01\/harta-rutiera-bulgaria.png?resize=1050%2C600&ssl=1 3x"},"classes":[]},{"id":14895,"url":"https:\/\/harti.wansait.com\/ro_ro\/2021\/tarile-eea-eea-states-2020\/","url_meta":{"origin":14899,"position":1},"title":"\u021a\u0103rile EEA \/ EEA States 2020","author":"hrnicu","date":"ianuarie 22, 2021","format":false,"excerpt":"Lista statelor EEA \/ EEA States List in 2020: Portugalia\/Portugal Spania \/ Spain Fran\u021ba \/ France Italy \/ Italia Germania \/ Germany Irlanda \/ Ireland Islanda \/ Iceland Belgia \/ Belgium Olanda \/ Neederlanden Luxembourg Danemarca \/ Denmark Elve\u021bia \/ Switzerland \/ Suisse Austria Slovenia Croatia Cehia \/ Czechia Slovacia\u2026","rel":"","context":"\u00cen \u201eEconomical Maps\u201d","block_context":{"text":"Economical Maps","link":"https:\/\/harti.wansait.com\/ro_ro\/category\/economical-maps\/"},"img":{"alt_text":"","src":"https:\/\/i0.wp.com\/harti.wansait.com\/wp-content\/uploads\/2021\/01\/eea2020.gif?resize=350%2C200&ssl=1","width":350,"height":200,"srcset":"https:\/\/i0.wp.com\/harti.wansait.com\/wp-content\/uploads\/2021\/01\/eea2020.gif?resize=350%2C200&ssl=1 1x, https:\/\/i0.wp.com\/harti.wansait.com\/wp-content\/uploads\/2021\/01\/eea2020.gif?resize=525%2C300&ssl=1 1.5x, https:\/\/i0.wp.com\/harti.wansait.com\/wp-content\/uploads\/2021\/01\/eea2020.gif?resize=700%2C400&ssl=1 2x, https:\/\/i0.wp.com\/harti.wansait.com\/wp-content\/uploads\/2021\/01\/eea2020.gif?resize=1050%2C600&ssl=1 3x, https:\/\/i0.wp.com\/harti.wansait.com\/wp-content\/uploads\/2021\/01\/eea2020.gif?resize=1400%2C800&ssl=1 4x"},"classes":[]},{"id":15243,"url":"https:\/\/harti.wansait.com\/ro_ro\/2024\/harta-rutiera-simplificata-a-greciei-autostrazi-si-ferryboat\/","url_meta":{"origin":14899,"position":2},"title":"Harta rutier\u0103 simplificat\u0103 a Greciei &#8211; Autostr\u0103zi \u0219i Ferryboat","author":"hrnicu","date":"iulie 14, 2024","format":false,"excerpt":"Grecia are o re\u021bea complex\u0103 de autostr\u0103zi construite \u00een ultimele decenii, multe dintre ele pe fonduri europene. Re\u021beaua de autostr\u0103zi \u0219i drumuri de mare vitez\u0103 este mai bine configurat\u0103 pe litoralul estic, unde turismul este mai bine dezvoltat \u0219i sunt amplasate mari sta\u021biuni precum Katerini sau Halkidiki \u0219i ora\u0219ele Salonik\u2026","rel":"","context":"\u00cen \u201eTourist Maps\u201d","block_context":{"text":"Tourist Maps","link":"https:\/\/harti.wansait.com\/ro_ro\/category\/tourist-maps\/"},"img":{"alt_text":"","src":"https:\/\/i0.wp.com\/harti.wansait.com\/wp-content\/uploads\/2024\/07\/Main-Greek-road-network-Source-Hellenic-Association-of-Toll-Road-Network-2018.jpg?resize=350%2C200&ssl=1","width":350,"height":200,"srcset":"https:\/\/i0.wp.com\/harti.wansait.com\/wp-content\/uploads\/2024\/07\/Main-Greek-road-network-Source-Hellenic-Association-of-Toll-Road-Network-2018.jpg?resize=350%2C200&ssl=1 1x, https:\/\/i0.wp.com\/harti.wansait.com\/wp-content\/uploads\/2024\/07\/Main-Greek-road-network-Source-Hellenic-Association-of-Toll-Road-Network-2018.jpg?resize=525%2C300&ssl=1 1.5x, https:\/\/i0.wp.com\/harti.wansait.com\/wp-content\/uploads\/2024\/07\/Main-Greek-road-network-Source-Hellenic-Association-of-Toll-Road-Network-2018.jpg?resize=700%2C400&ssl=1 2x, https:\/\/i0.wp.com\/harti.wansait.com\/wp-content\/uploads\/2024\/07\/Main-Greek-road-network-Source-Hellenic-Association-of-Toll-Road-Network-2018.jpg?resize=1050%2C600&ssl=1 3x"},"classes":[]},{"id":14945,"url":"https:\/\/harti.wansait.com\/ro_ro\/2022\/harta-retelelor-de-energie-electrica-din-europa\/","url_meta":{"origin":14899,"position":3},"title":"Harta re\u021belelor de energie electric\u0103 din Europa","author":"hrnicu","date":"august 19, 2022","format":false,"excerpt":"Energie - Harta re\u021belelor de energie electric\u0103 din Uniunea European\u0103 \u0219i \u021b\u0103rile vecine. Pe hart\u0103 apar centralele termoelectrice \u0219i cele hidroelectrice din toate \u021b\u0103rile, liniile de mare putere, interconectorii. Centralele atomice sunt clasificate ca termoelectrice, dat fiind procedeul de ob\u021binere a energiei \u0219i lipsa caracterului sezonier \u00een producerea energiei, cum\u2026","rel":"","context":"\u00cen \u201eEconomical Maps\u201d","block_context":{"text":"Economical Maps","link":"https:\/\/harti.wansait.com\/ro_ro\/category\/economical-maps\/"},"img":{"alt_text":"","src":"https:\/\/i0.wp.com\/harti.wansait.com\/wp-content\/uploads\/2022\/08\/UCTE_map_EU.gif?resize=350%2C200&ssl=1","width":350,"height":200,"srcset":"https:\/\/i0.wp.com\/harti.wansait.com\/wp-content\/uploads\/2022\/08\/UCTE_map_EU.gif?resize=350%2C200&ssl=1 1x, https:\/\/i0.wp.com\/harti.wansait.com\/wp-content\/uploads\/2022\/08\/UCTE_map_EU.gif?resize=525%2C300&ssl=1 1.5x, https:\/\/i0.wp.com\/harti.wansait.com\/wp-content\/uploads\/2022\/08\/UCTE_map_EU.gif?resize=700%2C400&ssl=1 2x, https:\/\/i0.wp.com\/harti.wansait.com\/wp-content\/uploads\/2022\/08\/UCTE_map_EU.gif?resize=1050%2C600&ssl=1 3x"},"classes":[]},{"id":15199,"url":"https:\/\/harti.wansait.com\/ro_ro\/2024\/litoralul-marii-negre-harta-imagini-informatii-filme\/","url_meta":{"origin":14899,"position":4},"title":"Litoralul M\u0103rii Negre &#8211; harta, imagini, informa\u021bii, filme (litoralul rom\u00e2nesc \u0219i cel bulg\u0103resc la un loc)","author":"hrnicu","date":"iunie 28, 2024","format":false,"excerpt":"Litoralul M\u0103rii Negre are doar trei plaje consistente, toate de un bun renume dar exploatate turistic din ce \u00een ce mai pu\u021bin datorit\u0103 dificult\u0103\u021bilor economice pe care le resimt \u021b\u0103rile posesoare. Cea mai la nord dintre ele este cea a Ucrainei, localizat\u0103 \u00een peninsula Crimeea. Fost\u0103 re\u0219edin\u021b\u0103 de var\u0103 a\u2026","rel":"","context":"\u00cen \u201eTourist Maps\u201d","block_context":{"text":"Tourist Maps","link":"https:\/\/harti.wansait.com\/ro_ro\/category\/tourist-maps\/"},"img":{"alt_text":"","src":"https:\/\/i0.wp.com\/harti.wansait.com\/wp-content\/uploads\/2024\/06\/litoralul-marii-negre-harta-rutiera-si-turistica-scaled.webp?resize=350%2C200&ssl=1","width":350,"height":200,"srcset":"https:\/\/i0.wp.com\/harti.wansait.com\/wp-content\/uploads\/2024\/06\/litoralul-marii-negre-harta-rutiera-si-turistica-scaled.webp?resize=350%2C200&ssl=1 1x, https:\/\/i0.wp.com\/harti.wansait.com\/wp-content\/uploads\/2024\/06\/litoralul-marii-negre-harta-rutiera-si-turistica-scaled.webp?resize=525%2C300&ssl=1 1.5x, https:\/\/i0.wp.com\/harti.wansait.com\/wp-content\/uploads\/2024\/06\/litoralul-marii-negre-harta-rutiera-si-turistica-scaled.webp?resize=700%2C400&ssl=1 2x"},"classes":[]},{"id":137,"url":"https:\/\/harti.wansait.com\/ro_ro\/2010\/harta-orasului-harsova-si-planul-cetatii\/","url_meta":{"origin":14899,"position":5},"title":"Harta orasului Harsova si planul cetatii","author":"hrnicu","date":"mai 2, 2010","format":false,"excerpt":"H\u00e2r\u0219ova este o localitate cu vechime de \u0219apte milenii. \u00cen partea de sud-est a localit\u0103\u021bii, pe malul Dun\u0103rii, se g\u0103se\u0219te o a\u0219ezare neo-eneolitic\u0103 dezvoltat\u0103 sub forma unei ridic\u0103turi de cca. 12 m ca urmare a distrugerii \u0219i refacerilor succesive a locuin\u021belor din lut. Cercet\u0103rile de aici au identificat o comunitate\u2026","rel":"","context":"\u00cen \u201eRelief Maps\u201d","block_context":{"text":"Relief Maps","link":"https:\/\/harti.wansait.com\/ro_ro\/category\/relief-maps\/"},"img":{"alt_text":"","src":"https:\/\/i0.wp.com\/harti.wansait.com\/wp-content\/uploads\/2011\/05\/poh-harta-digitala.webp?resize=350%2C200&ssl=1","width":350,"height":200,"srcset":"https:\/\/i0.wp.com\/harti.wansait.com\/wp-content\/uploads\/2011\/05\/poh-harta-digitala.webp?resize=350%2C200&ssl=1 1x, https:\/\/i0.wp.com\/harti.wansait.com\/wp-content\/uploads\/2011\/05\/poh-harta-digitala.webp?resize=525%2C300&ssl=1 1.5x, https:\/\/i0.wp.com\/harti.wansait.com\/wp-content\/uploads\/2011\/05\/poh-harta-digitala.webp?resize=700%2C400&ssl=1 2x"},"classes":[]}],"_links":{"self":[{"href":"https:\/\/harti.wansait.com\/ro_ro\/wp-json\/wp\/v2\/posts\/14899","targetHints":{"allow":["GET"]}}],"collection":[{"href":"https:\/\/harti.wansait.com\/ro_ro\/wp-json\/wp\/v2\/posts"}],"about":[{"href":"https:\/\/harti.wansait.com\/ro_ro\/wp-json\/wp\/v2\/types\/post"}],"author":[{"embeddable":true,"href":"https:\/\/harti.wansait.com\/ro_ro\/wp-json\/wp\/v2\/users\/2"}],"replies":[{"embeddable":true,"href":"https:\/\/harti.wansait.com\/ro_ro\/wp-json\/wp\/v2\/comments?post=14899"}],"version-history":[{"count":1,"href":"https:\/\/harti.wansait.com\/ro_ro\/wp-json\/wp\/v2\/posts\/14899\/revisions"}],"predecessor-version":[{"id":14901,"href":"https:\/\/harti.wansait.com\/ro_ro\/wp-json\/wp\/v2\/posts\/14899\/revisions\/14901"}],"wp:featuredmedia":[{"embeddable":true,"href":"https:\/\/harti.wansait.com\/ro_ro\/wp-json\/wp\/v2\/media\/14900"}],"wp:attachment":[{"href":"https:\/\/harti.wansait.com\/ro_ro\/wp-json\/wp\/v2\/media?parent=14899"}],"wp:term":[{"taxonomy":"category","embeddable":true,"href":"https:\/\/harti.wansait.com\/ro_ro\/wp-json\/wp\/v2\/categories?post=14899"},{"taxonomy":"post_tag","embeddable":true,"href":"https:\/\/harti.wansait.com\/ro_ro\/wp-json\/wp\/v2\/tags?post=14899"}],"curies":[{"name":"wp","href":"https:\/\/api.w.org\/{rel}","templated":true}]}}