{"id":271,"date":"2012-01-20T20:49:26","date_gmt":"2012-01-20T18:49:26","guid":{"rendered":"http:\/\/eurocarta.info\/?p=271"},"modified":"2012-01-20T20:49:26","modified_gmt":"2012-01-20T18:49:26","slug":"albena-bulgaria-map-harta-statiunii-albena","status":"publish","type":"post","link":"https:\/\/harti.wansait.com\/ro_ro\/2012\/albena-bulgaria-map-harta-statiunii-albena\/","title":{"rendered":"Albena (Bulgaria) Map \/ Harta statiunii Albena"},"content":{"rendered":"<p>Albena is a bulgarian estival destination, on the shore of Black Sea. The popularity is increased after 2000, when the resort has became partner with TUI, the most important tour-operator in Germany and in Europe.<\/p>\n<figure id=\"attachment_272\" aria-describedby=\"caption-attachment-272\" style=\"width: 580px\" class=\"wp-caption alignnone\"><a href=\"http:\/\/harti.wansait.com\/wp-content\/uploads\/2012\/01\/albena_harta.jpg\"><img loading=\"lazy\" decoding=\"async\" data-attachment-id=\"272\" data-permalink=\"https:\/\/harti.wansait.com\/ro_ro\/2012\/albena-bulgaria-map-harta-statiunii-albena\/albena_harta\/\" data-orig-file=\"https:\/\/harti.wansait.com\/wp-content\/uploads\/2012\/01\/albena_harta.jpg\" data-orig-size=\"1000,652\" data-comments-opened=\"1\" data-image-meta=\"{&quot;aperture&quot;:&quot;0&quot;,&quot;credit&quot;:&quot;&quot;,&quot;camera&quot;:&quot;&quot;,&quot;caption&quot;:&quot;&quot;,&quot;created_timestamp&quot;:&quot;0&quot;,&quot;copyright&quot;:&quot;&quot;,&quot;focal_length&quot;:&quot;0&quot;,&quot;iso&quot;:&quot;0&quot;,&quot;shutter_speed&quot;:&quot;0&quot;,&quot;title&quot;:&quot;&quot;,&quot;orientation&quot;:&quot;0&quot;}\" data-image-title=\"albena_harta\" data-image-description=\"\" data-image-caption=\"&lt;p&gt;albena_harta&lt;\/p&gt;\n\" data-medium-file=\"https:\/\/harti.wansait.com\/wp-content\/uploads\/2012\/01\/albena_harta-600x391.jpg\" data-large-file=\"https:\/\/harti.wansait.com\/wp-content\/uploads\/2012\/01\/albena_harta.jpg\" class=\"size-medium wp-image-272\" title=\"albena_harta\" src=\"http:\/\/harti.wansait.com\/wp-content\/uploads\/2012\/01\/albena_harta-580x378.jpg\" alt=\"\" width=\"580\" height=\"378\" \/><\/a><figcaption id=\"caption-attachment-272\" class=\"wp-caption-text\">albena_harta<\/figcaption><\/figure>\n<p>Albena (Bulgarian: \u0410\u043b\u0431\u0435\u043d\u0430) is a major Black Sea resort in northeastern Bulgaria, situated 12 km from Balchik and 30 km from Varna. Albena is served by the international airport of Varna.<\/p>\n<p><img loading=\"lazy\" decoding=\"async\" data-attachment-id=\"273\" data-permalink=\"https:\/\/harti.wansait.com\/ro_ro\/2012\/albena-bulgaria-map-harta-statiunii-albena\/290px-bulgaria_location_map-svg\/\" data-orig-file=\"https:\/\/harti.wansait.com\/wp-content\/uploads\/2012\/01\/290px-Bulgaria_location_map.svg_.png\" data-orig-size=\"290,183\" data-comments-opened=\"1\" data-image-meta=\"{&quot;aperture&quot;:&quot;0&quot;,&quot;credit&quot;:&quot;&quot;,&quot;camera&quot;:&quot;&quot;,&quot;caption&quot;:&quot;&quot;,&quot;created_timestamp&quot;:&quot;0&quot;,&quot;copyright&quot;:&quot;&quot;,&quot;focal_length&quot;:&quot;0&quot;,&quot;iso&quot;:&quot;0&quot;,&quot;shutter_speed&quot;:&quot;0&quot;,&quot;title&quot;:&quot;&quot;,&quot;orientation&quot;:&quot;0&quot;}\" data-image-title=\"290px-Bulgaria_location_map.svg\" data-image-description=\"\" data-image-caption=\"\" data-medium-file=\"https:\/\/harti.wansait.com\/wp-content\/uploads\/2012\/01\/290px-Bulgaria_location_map.svg_.png\" data-large-file=\"https:\/\/harti.wansait.com\/wp-content\/uploads\/2012\/01\/290px-Bulgaria_location_map.svg_.png\" class=\"size-full wp-image-273 alignleft\" title=\"290px-Bulgaria_location_map.svg\" src=\"http:\/\/harti.wansait.com\/wp-content\/uploads\/2012\/01\/290px-Bulgaria_location_map.svg_.png\" alt=\"\" width=\"290\" height=\"183\" \/><\/p>\n<p>RO: Albena (\u0410\u043b\u0431\u0435\u043d\u0430) este o sta\u021biune turistic\u0103 de pe litoralul M\u0103rii Neagre \u00een nord-estul Bulgariei, situat\u0103 la 12 km de Balcic \u0219i 30 km de Varna. Aeroportul interna\u021bional din Varna deserve\u0219te sta\u021biunea Albena.<\/p>\n<p>Construit\u0103 special ca sta\u021biune turistic\u0103, Albena are un stil arhitectonic unitar \u0219i unic. Majoritatea hotelurilor, situate chiar pe plaj\u0103, au maxim\u0103 expunere la soare \u0219i acces direct la plaj\u0103. Albena se situeaz\u0103 \u00een apropierea altor centre turistice, culturale \u0219i comerciale, reu\u0219ind totu\u0219i s\u0103 \u00ee\u0219i p\u0103streze habitatul natural. De\u0219i construit\u0103 pe un teren gol \u00een anii 1960, \u00een prezent arat\u0103 ca un mic ora\u0219, cu centru, str\u0103zi \u0219i pie\u021be, av\u00e2nd chiar \u0219i re\u021bea de transport public \u2014 trenuri dedicate care circul\u0103 dup\u0103 un orar prestabilit pe str\u0103zile ora\u0219ului.<\/p>\n<div style=\"float: right; width: 336px; height: 280px;\"><iframe loading=\"lazy\" title=\"Reclama\" src=\"http:\/\/regionis.info\/ad\/azi336.php\" frameborder=\"0\" width=\"336\" height=\"280\"><\/iframe><\/div>\n<p>Sta\u021biunea are plaj\u0103 \u00een lungime de 5 km, cu o l\u0103\u021bime de 150 m, cu nisip fin; apa m\u0103rii fiind curat\u0103, calm\u0103 \u0219i cald\u0103. Ad\u00e2ncimea apei nu dep\u0103\u0219e\u0219te 1,6 metri la o distan\u021b\u0103 de 100\u2013150 de metri de mal. Vizitatorii pot opta pentru unul dintre cele 43 de hoteluri moderne (\u00eentre dou\u0103 \u0219i patru stele) care ofer\u0103 aproximativ 20 000 de locuri de cazare. Majoritatea hotelurilor au piscine.<\/p>\n<p>Numele sta\u021biunii provine de la numele unui personaj dintr-o povestire a scriitorului bulgar Yordan Yovkov. Albena este un prenume feminin bulg\u0103resc.<\/p>\n","protected":false},"excerpt":{"rendered":"<p>Albena is a bulgarian estival destination, on the shore of Black Sea. The popularity is increased after 2000, when the resort has became partner with TUI, the most important tour-operator in Germany and in Europe. Albena (Bulgarian: \u0410\u043b\u0431\u0435\u043d\u0430) is a major Black Sea resort in northeastern Bulgaria, situated 12 km from Balchik and 30 km&hellip;&nbsp;<a href=\"https:\/\/harti.wansait.com\/ro_ro\/2012\/albena-bulgaria-map-harta-statiunii-albena\/\" rel=\"bookmark\">Cite\u0219te mai mult &raquo;<span class=\"screen-reader-text\">Albena (Bulgaria) Map \/ Harta statiunii Albena<\/span><\/a><\/p>\n","protected":false},"author":2,"featured_media":272,"comment_status":"open","ping_status":"open","sticky":false,"template":"","format":"standard","meta":{"_sitemap_exclude":false,"_sitemap_priority":"","_sitemap_frequency":"","neve_meta_sidebar":"","neve_meta_container":"","neve_meta_enable_content_width":"","neve_meta_content_width":0,"neve_meta_title_alignment":"","neve_meta_author_avatar":"","neve_post_elements_order":"","neve_meta_disable_header":"","neve_meta_disable_footer":"","neve_meta_disable_title":"","jetpack_post_was_ever_published":false,"_jetpack_newsletter_access":"","_jetpack_dont_email_post_to_subs":false,"_jetpack_newsletter_tier_id":0,"_jetpack_memberships_contains_paywalled_content":false,"_jetpack_memberships_contains_paid_content":false,"footnotes":""},"categories":[69],"tags":[478,483,475,482,476,273,474,246,479,331,485,484,473,486,477,480,161,481],"class_list":["post-271","post","type-post","status-publish","format-standard","has-post-thumbnail","hentry","category-tourist-maps","tag-acces-direct","tag-albena","tag-albena-bulgaria","tag-apa","tag-balchik","tag-black-sea","tag-bulgaria-map","tag-bulgary","tag-feminin","tag-hotels","tag-maps-from-bulgary","tag-marea-neagra","tag-northeastern-bulgaria","tag-resorts","tag-sea-resort","tag-tour-operator","tag-transport-public","tag-tui"],"jetpack_featured_media_url":"https:\/\/harti.wansait.com\/wp-content\/uploads\/2012\/01\/albena_harta.jpg","jetpack_sharing_enabled":true,"jetpack-related-posts":[{"id":296,"url":"https:\/\/harti.wansait.com\/ro_ro\/2012\/harta-balcic-albena-litoral-bulgaria-map\/","url_meta":{"origin":271,"position":0},"title":"Harta Balcic &#8211; Albena (Litoral Bulgaria Map)","author":"hrnicu","date":"iunie 17, 2012","format":false,"excerpt":"Statiunea moderna Albena si vechiul castel Balcick cu mica localitate interbelica sunt atractiile principale ale litoralului Bulgariei la Marea Neagra. Harta 3D Albena - Balchik mentioneaza hotelurile din statiunea Albena, drumul spre castelul Balcic, principalele obiective turistice si centre de distractie din Albena (piscine, sali de sport, centre nautice, restaurante,\u2026","rel":"","context":"\u00cen \u201eTourist Maps\u201d","block_context":{"text":"Tourist Maps","link":"https:\/\/harti.wansait.com\/ro_ro\/category\/tourist-maps\/"},"img":{"alt_text":"","src":"https:\/\/i0.wp.com\/harti.wansait.com\/wp-content\/uploads\/2012\/06\/Balcic-Albena-3D-map.jpg?resize=350%2C200&ssl=1","width":350,"height":200,"srcset":"https:\/\/i0.wp.com\/harti.wansait.com\/wp-content\/uploads\/2012\/06\/Balcic-Albena-3D-map.jpg?resize=350%2C200&ssl=1 1x, https:\/\/i0.wp.com\/harti.wansait.com\/wp-content\/uploads\/2012\/06\/Balcic-Albena-3D-map.jpg?resize=525%2C300&ssl=1 1.5x, https:\/\/i0.wp.com\/harti.wansait.com\/wp-content\/uploads\/2012\/06\/Balcic-Albena-3D-map.jpg?resize=700%2C400&ssl=1 2x"},"classes":[]},{"id":134,"url":"https:\/\/harti.wansait.com\/ro_ro\/2010\/romania-harta-cia-cia-map\/","url_meta":{"origin":271,"position":1},"title":"Romania &#8211; Harta CIA \/ CIA map","author":"hrnicu","date":"aprilie 26, 2010","format":false,"excerpt":"Location Southeastern Europe, bordering the Black Sea, between Bulgaria and Ukraine Grography controls most easily traversable land route between the Balkans, Moldova, and Ukraine Coordinates 46 00 N, 25 00 E Area total: 237,500 sq km land: 230,340 sq km water: 7,160 sq km Terrain central Transylvanian Basin is separated\u2026","rel":"","context":"\u00cen \u201ebalkans\u201d","block_context":{"text":"balkans","link":"https:\/\/harti.wansait.com\/ro_ro\/tag\/balkans\/"},"img":{"alt_text":"","src":"https:\/\/i0.wp.com\/harti.wansait.com\/wp-content\/uploads\/2010\/04\/RO-map.jpg?resize=350%2C200&ssl=1","width":350,"height":200},"classes":[]},{"id":476,"url":"https:\/\/harti.wansait.com\/ro_ro\/2012\/danube-map-harta-fluviului-dunarea\/","url_meta":{"origin":271,"position":2},"title":"Danube Map \/ Harta fluviului Dunarea","author":"hrnicu","date":"octombrie 30, 2012","format":false,"excerpt":"Sursa: Rezervatia Biosferei Delta Dunarii. RO: Harta prezinta traseul si bazinul hidrografic al fluviului Dunare de la izvoare pana la varsarea in Marea Neagra, inclusiv raurile care se varsa in Dunare EN: Map shows the route and the Danube River basin from its source to its flowing into the Black\u2026","rel":"","context":"\u00cen \u201eblack sea\u201d","block_context":{"text":"black sea","link":"https:\/\/harti.wansait.com\/ro_ro\/tag\/black-sea\/"},"img":{"alt_text":"","src":"https:\/\/i0.wp.com\/harti.wansait.com\/wp-content\/uploads\/2012\/07\/harta-dunarea.jpg?resize=350%2C200&ssl=1","width":350,"height":200,"srcset":"https:\/\/i0.wp.com\/harti.wansait.com\/wp-content\/uploads\/2012\/07\/harta-dunarea.jpg?resize=350%2C200&ssl=1 1x, https:\/\/i0.wp.com\/harti.wansait.com\/wp-content\/uploads\/2012\/07\/harta-dunarea.jpg?resize=525%2C300&ssl=1 1.5x, https:\/\/i0.wp.com\/harti.wansait.com\/wp-content\/uploads\/2012\/07\/harta-dunarea.jpg?resize=700%2C400&ssl=1 2x, https:\/\/i0.wp.com\/harti.wansait.com\/wp-content\/uploads\/2012\/07\/harta-dunarea.jpg?resize=1050%2C600&ssl=1 3x, https:\/\/i0.wp.com\/harti.wansait.com\/wp-content\/uploads\/2012\/07\/harta-dunarea.jpg?resize=1400%2C800&ssl=1 4x"},"classes":[]},{"id":14910,"url":"https:\/\/harti.wansait.com\/ro_ro\/2022\/harta-rutiera-a-bulgariei\/","url_meta":{"origin":271,"position":3},"title":"Harta rutier\u0103 \u2013 simplificat\u0103 \u2013 a Bulgariei","author":"hrnicu","date":"ianuarie 9, 2022","format":false,"excerpt":"\u00a0 Harta principalelor \u0219osele din Bulgaria Principala cale rutier\u0103 din Bulgaria este autostrada nord-sud care trece prin capitala Sofia \u0219i leag\u0103 Vidin - la grani\u021ba cu Rom\u00e2nia, de nordul Greciei. Drumurile est-vest sunt de rang 2 \u0219i leag\u0103 Ruse\/Giurgiu de Varna, pe litoral, sau fac conexiuni \u00eentre Serbia sau Macedonia\u2026","rel":"","context":"\u00cen \u201eTraffic Maps\u201d","block_context":{"text":"Traffic Maps","link":"https:\/\/harti.wansait.com\/ro_ro\/category\/traffic-maps\/"},"img":{"alt_text":"","src":"https:\/\/i0.wp.com\/harti.wansait.com\/wp-content\/uploads\/2022\/01\/harta-rutiera-bulgaria.png?resize=350%2C200&ssl=1","width":350,"height":200,"srcset":"https:\/\/i0.wp.com\/harti.wansait.com\/wp-content\/uploads\/2022\/01\/harta-rutiera-bulgaria.png?resize=350%2C200&ssl=1 1x, https:\/\/i0.wp.com\/harti.wansait.com\/wp-content\/uploads\/2022\/01\/harta-rutiera-bulgaria.png?resize=525%2C300&ssl=1 1.5x, https:\/\/i0.wp.com\/harti.wansait.com\/wp-content\/uploads\/2022\/01\/harta-rutiera-bulgaria.png?resize=700%2C400&ssl=1 2x, https:\/\/i0.wp.com\/harti.wansait.com\/wp-content\/uploads\/2022\/01\/harta-rutiera-bulgaria.png?resize=1050%2C600&ssl=1 3x"},"classes":[]},{"id":145,"url":"https:\/\/harti.wansait.com\/ro_ro\/2010\/harta-orasului-mangalia-mangalia-city-tourist-map\/","url_meta":{"origin":271,"position":4},"title":"Harta orasului Mangalia \/ Mangalia City Tourist Map","author":"hrnicu","date":"mai 2, 2010","format":false,"excerpt":"Harta orasului Mangalia din judetul Constanta, punctul cel mai sudic de pe litoralul romanesc (excluzand Vama Veche). Harta este optimizata pentru telefoane mobile si iPod.","rel":"","context":"\u00cen \u201eCity Maps\u201d","block_context":{"text":"City Maps","link":"https:\/\/harti.wansait.com\/ro_ro\/category\/city-maps\/"},"img":{"alt_text":"","src":"https:\/\/i0.wp.com\/harti.wansait.com\/wp-content\/uploads\/2010\/05\/litoral-mangalia.jpg?resize=350%2C200&ssl=1","width":350,"height":200,"srcset":"https:\/\/i0.wp.com\/harti.wansait.com\/wp-content\/uploads\/2010\/05\/litoral-mangalia.jpg?resize=350%2C200&ssl=1 1x, https:\/\/i0.wp.com\/harti.wansait.com\/wp-content\/uploads\/2010\/05\/litoral-mangalia.jpg?resize=525%2C300&ssl=1 1.5x, https:\/\/i0.wp.com\/harti.wansait.com\/wp-content\/uploads\/2010\/05\/litoral-mangalia.jpg?resize=700%2C400&ssl=1 2x"},"classes":[]},{"id":177,"url":"https:\/\/harti.wansait.com\/ro_ro\/2010\/map-of-south-eforie-black-sea-riviera\/","url_meta":{"origin":271,"position":5},"title":"Map of South Eforie (Black Sea Riviera)","author":"hrnicu","date":"septembrie 3, 2010","format":false,"excerpt":"EN: Content: Map of Soth Eforie (Romanian Riviera) with streets and main interest points. RO: Harta statiunii Eforie Sud cu principalele obiective utile turistilor, strazile si hotelurile. (optimizata pentru telefoanele mobile si dispozitive portabile) harta interactiva a orasului Eforie Eforie Sud este localitatea component\u0103 de re\u0219edin\u021b\u0103 a ora\u0219ului Eforie din\u2026","rel":"","context":"\u00cen \u201eCity Maps\u201d","block_context":{"text":"City Maps","link":"https:\/\/harti.wansait.com\/ro_ro\/category\/city-maps\/"},"img":{"alt_text":"","src":"https:\/\/i0.wp.com\/harti.wansait.com\/wp-content\/uploads\/2010\/09\/harta_eforie_sud_3-1.jpg?resize=350%2C200&ssl=1","width":350,"height":200},"classes":[]}],"_links":{"self":[{"href":"https:\/\/harti.wansait.com\/ro_ro\/wp-json\/wp\/v2\/posts\/271","targetHints":{"allow":["GET"]}}],"collection":[{"href":"https:\/\/harti.wansait.com\/ro_ro\/wp-json\/wp\/v2\/posts"}],"about":[{"href":"https:\/\/harti.wansait.com\/ro_ro\/wp-json\/wp\/v2\/types\/post"}],"author":[{"embeddable":true,"href":"https:\/\/harti.wansait.com\/ro_ro\/wp-json\/wp\/v2\/users\/2"}],"replies":[{"embeddable":true,"href":"https:\/\/harti.wansait.com\/ro_ro\/wp-json\/wp\/v2\/comments?post=271"}],"version-history":[{"count":2,"href":"https:\/\/harti.wansait.com\/ro_ro\/wp-json\/wp\/v2\/posts\/271\/revisions"}],"predecessor-version":[{"id":275,"href":"https:\/\/harti.wansait.com\/ro_ro\/wp-json\/wp\/v2\/posts\/271\/revisions\/275"}],"wp:featuredmedia":[{"embeddable":true,"href":"https:\/\/harti.wansait.com\/ro_ro\/wp-json\/wp\/v2\/media\/272"}],"wp:attachment":[{"href":"https:\/\/harti.wansait.com\/ro_ro\/wp-json\/wp\/v2\/media?parent=271"}],"wp:term":[{"taxonomy":"category","embeddable":true,"href":"https:\/\/harti.wansait.com\/ro_ro\/wp-json\/wp\/v2\/categories?post=271"},{"taxonomy":"post_tag","embeddable":true,"href":"https:\/\/harti.wansait.com\/ro_ro\/wp-json\/wp\/v2\/tags?post=271"}],"curies":[{"name":"wp","href":"https:\/\/api.w.org\/{rel}","templated":true}]}}