{"id":67,"date":"2009-06-10T17:31:40","date_gmt":"2009-06-10T15:31:40","guid":{"rendered":"http:\/\/map.nicuilie.eu\/?p=67"},"modified":"2023-09-08T11:34:51","modified_gmt":"2023-09-08T08:34:51","slug":"cheile-nerei-beusnita-national-park-in-romania","status":"publish","type":"post","link":"https:\/\/harti.wansait.com\/ro_ro\/2009\/cheile-nerei-beusnita-national-park-in-romania\/","title":{"rendered":"Cheile Nerei &#8211; Beusnita National Park in Romania"},"content":{"rendered":"\n<p><strong>Located in Banat, Romania, Caras-Severin Department<\/strong><\/p>\n\n\n\n<p>RO: Cheile Nerei sunt o zon\u0103 important\u0103 din punct de vedere geologic, floristic \u0219i faunistic. Aici se g\u0103sesc o varietate de specii de plante \u0219i animale, unele dintre ele rare sau pe cale de dispari\u021bie.<\/p>\n\n\n\n<p>\u00cen Cheile Nerei se afl\u0103 \u0219i o serie de obiective turistice de interes, cum ar fi:<\/p>\n\n\n\n<p>Defileul Nerei<br>Cascada Big\u0103r<br>Pe\u0219tera Bulbucilor<br>Pe\u0219tera Sf\u00e2nta Ana<br>Pe\u0219tera Cuciulat<\/p>\n\n\n\n<p>Cheile Nerei sunt o destina\u021bie turistic\u0103 popular\u0103, at\u00e2t pentru rom\u00e2ni, c\u00e2t \u0219i pentru str\u0103ini. Aici se pot practica diverse activit\u0103\u021bi de recreere, cum ar fi drume\u021biile, alpinismul, raftingul \u0219i speologia.<\/p>\n\n\n\n<p>Sunt un important obiectiv turistic, care contribuie la dezvoltarea economic\u0103 a regiunii.<br>Sunt o zon\u0103 important\u0103 din punct de vedere geologic, floristic \u0219i faunistic.<br>Protejeaz\u0103 o serie de specii rare sau pe cale de dispari\u021bie.<br>Ofer\u0103 o varietate de oportunit\u0103\u021bi de recreere.<\/p>\n\n\n\n<p>Cheile Nerei sunt formate din roci sedimentare, \u00een principal calcar \u0219i calcare dolomitice. Aceste roci au fost supuse ac\u021biunii eroziunii naturale, care a dus la formarea unor defilee impresionante, cu pere\u021bi \u00eenal\u021bi \u0219i st\u00e2nco\u0219i.<\/p>\n\n\n\n<figure class=\"wp-block-image size-full\"><a href=\"https:\/\/harti.wansait.com\/wp-content\/uploads\/2009\/06\/h_nera_a2.gif\"><img loading=\"lazy\" decoding=\"async\" width=\"1201\" height=\"1695\" data-attachment-id=\"66\" data-permalink=\"https:\/\/harti.wansait.com\/ro_ro\/2009\/cheile-nerei-beusnita-national-park-in-romania\/h_nera_a2\/\" data-orig-file=\"https:\/\/harti.wansait.com\/wp-content\/uploads\/2009\/06\/h_nera_a2.gif\" data-orig-size=\"1201,1695\" data-comments-opened=\"1\" data-image-meta=\"{&quot;aperture&quot;:&quot;0&quot;,&quot;credit&quot;:&quot;&quot;,&quot;camera&quot;:&quot;&quot;,&quot;caption&quot;:&quot;&quot;,&quot;created_timestamp&quot;:&quot;0&quot;,&quot;copyright&quot;:&quot;&quot;,&quot;focal_length&quot;:&quot;0&quot;,&quot;iso&quot;:&quot;0&quot;,&quot;shutter_speed&quot;:&quot;0&quot;,&quot;title&quot;:&quot;&quot;,&quot;orientation&quot;:&quot;0&quot;}\" data-image-title=\"h_nera_a2\" data-image-description=\"\" data-image-caption=\"\" data-medium-file=\"https:\/\/harti.wansait.com\/wp-content\/uploads\/2009\/06\/h_nera_a2-600x847.gif\" data-large-file=\"https:\/\/harti.wansait.com\/wp-content\/uploads\/2009\/06\/h_nera_a2.gif\" src=\"https:\/\/harti.wansait.com\/wp-content\/uploads\/2009\/06\/h_nera_a2.gif\" alt=\"harta cheile nerei\" class=\"wp-image-66\" title=\"h_nera_a2\"\/><\/a><\/figure>\n","protected":false},"excerpt":{"rendered":"<p>Located in Banat, Romania, Caras-Severin Department RO: Cheile Nerei sunt o zon\u0103 important\u0103 din punct de vedere geologic, floristic \u0219i faunistic. Aici se g\u0103sesc o varietate de specii de plante \u0219i animale, unele dintre ele rare sau pe cale de dispari\u021bie. \u00cen Cheile Nerei se afl\u0103 \u0219i o serie de obiective turistice de interes, cum&hellip;&nbsp;<a href=\"https:\/\/harti.wansait.com\/ro_ro\/2009\/cheile-nerei-beusnita-national-park-in-romania\/\" rel=\"bookmark\">Cite\u0219te mai mult &raquo;<span class=\"screen-reader-text\">Cheile Nerei &#8211; Beusnita National Park in Romania<\/span><\/a><\/p>\n","protected":false},"author":2,"featured_media":66,"comment_status":"open","ping_status":"open","sticky":false,"template":"","format":"standard","meta":{"_sitemap_exclude":false,"_sitemap_priority":"","_sitemap_frequency":"","neve_meta_sidebar":"","neve_meta_container":"","neve_meta_enable_content_width":"","neve_meta_content_width":0,"neve_meta_title_alignment":"","neve_meta_author_avatar":"","neve_post_elements_order":"","neve_meta_disable_header":"","neve_meta_disable_footer":"","neve_meta_disable_title":"","jetpack_post_was_ever_published":false,"_jetpack_newsletter_access":"","_jetpack_dont_email_post_to_subs":false,"_jetpack_newsletter_tier_id":0,"_jetpack_memberships_contains_paywalled_content":false,"_jetpack_memberships_contains_paid_content":false,"footnotes":""},"categories":[69],"tags":[113,70,110,89,109,79,86,111,91,112,84,90],"class_list":["post-67","post","type-post","status-publish","format-standard","has-post-thumbnail","hentry","category-tourist-maps","tag-alpin","tag-banat","tag-beusnita","tag-caras","tag-carbunari","tag-cheile-nerei","tag-muntele","tag-national-park","tag-nera","tag-parc-national-rezervatie-naturala","tag-semenic","tag-severin"],"jetpack_featured_media_url":"https:\/\/harti.wansait.com\/wp-content\/uploads\/2009\/06\/h_nera_a2.gif","jetpack_sharing_enabled":true,"jetpack-related-posts":[{"id":47,"url":"https:\/\/harti.wansait.com\/ro_ro\/2009\/cheile-nerei\/","url_meta":{"origin":67,"position":0},"title":"Cheile Nerei","author":"hrnicu","date":"iunie 10, 2009","format":false,"excerpt":"Alpin Trails south of Resita, in Semenic Moutain, Banat, Romania Trasee montane pe Cheile Nerei, in Caras-Severin","rel":"","context":"\u00cen \u201eTourist Maps\u201d","block_context":{"text":"Tourist Maps","link":"https:\/\/harti.wansait.com\/ro_ro\/category\/tourist-maps\/"},"img":{"alt_text":"","src":"https:\/\/i0.wp.com\/harti.wansait.com\/wp-content\/uploads\/2009\/06\/cheile-nerei.gif?resize=350%2C200&ssl=1","width":350,"height":200,"srcset":"https:\/\/i0.wp.com\/harti.wansait.com\/wp-content\/uploads\/2009\/06\/cheile-nerei.gif?resize=350%2C200&ssl=1 1x, https:\/\/i0.wp.com\/harti.wansait.com\/wp-content\/uploads\/2009\/06\/cheile-nerei.gif?resize=525%2C300&ssl=1 1.5x, https:\/\/i0.wp.com\/harti.wansait.com\/wp-content\/uploads\/2009\/06\/cheile-nerei.gif?resize=700%2C400&ssl=1 2x"},"classes":[]},{"id":40,"url":"https:\/\/harti.wansait.com\/ro_ro\/2009\/caras-severin-relief-and-administrativ-map\/","url_meta":{"origin":67,"position":1},"title":"Caras-Severin Relief and Administrativ Map","author":"hrnicu","date":"iunie 10, 2009","format":false,"excerpt":"Judetul Caras-Severin (Banatul Montan), harta reliefului si localitatile. Sunt marcate principalele atractii turistice.","rel":"","context":"\u00cen \u201eTourist Maps\u201d","block_context":{"text":"Tourist Maps","link":"https:\/\/harti.wansait.com\/ro_ro\/category\/tourist-maps\/"},"img":{"alt_text":"","src":"https:\/\/i0.wp.com\/harti.wansait.com\/wp-content\/uploads\/2009\/06\/caras-severin-scaled.jpg?resize=350%2C200&ssl=1","width":350,"height":200,"srcset":"https:\/\/i0.wp.com\/harti.wansait.com\/wp-content\/uploads\/2009\/06\/caras-severin-scaled.jpg?resize=350%2C200&ssl=1 1x, https:\/\/i0.wp.com\/harti.wansait.com\/wp-content\/uploads\/2009\/06\/caras-severin-scaled.jpg?resize=525%2C300&ssl=1 1.5x, https:\/\/i0.wp.com\/harti.wansait.com\/wp-content\/uploads\/2009\/06\/caras-severin-scaled.jpg?resize=700%2C400&ssl=1 2x, https:\/\/i0.wp.com\/harti.wansait.com\/wp-content\/uploads\/2009\/06\/caras-severin-scaled.jpg?resize=1050%2C600&ssl=1 3x, https:\/\/i0.wp.com\/harti.wansait.com\/wp-content\/uploads\/2009\/06\/caras-severin-scaled.jpg?resize=1400%2C800&ssl=1 4x"},"classes":[]},{"id":70,"url":"https:\/\/harti.wansait.com\/ro_ro\/2009\/portile-de-fier-national-park-romania\/","url_meta":{"origin":67,"position":2},"title":"Portile de Fier National Park (Romania)","author":"hrnicu","date":"iunie 10, 2009","format":false,"excerpt":"Parcul national Portile de Fier (Mehedinti - Severin)","rel":"","context":"\u00cen \u201eTourist Maps\u201d","block_context":{"text":"Tourist Maps","link":"https:\/\/harti.wansait.com\/ro_ro\/category\/tourist-maps\/"},"img":{"alt_text":"","src":"https:\/\/i0.wp.com\/harti.wansait.com\/wp-content\/uploads\/2009\/06\/harta_m.png?resize=350%2C200&ssl=1","width":350,"height":200,"srcset":"https:\/\/i0.wp.com\/harti.wansait.com\/wp-content\/uploads\/2009\/06\/harta_m.png?resize=350%2C200&ssl=1 1x, https:\/\/i0.wp.com\/harti.wansait.com\/wp-content\/uploads\/2009\/06\/harta_m.png?resize=525%2C300&ssl=1 1.5x"},"classes":[]},{"id":44,"url":"https:\/\/harti.wansait.com\/ro_ro\/2009\/alpin-trails-in-romania-caras-severin\/","url_meta":{"origin":67,"position":3},"title":"Alpin Trails in Romania (Caras-Severin)","author":"hrnicu","date":"iunie 10, 2009","format":false,"excerpt":"South Resita, in Banat Region of Romania.","rel":"","context":"\u00cen \u201eTourist Maps\u201d","block_context":{"text":"Tourist Maps","link":"https:\/\/harti.wansait.com\/ro_ro\/category\/tourist-maps\/"},"img":{"alt_text":"","src":"https:\/\/i0.wp.com\/harti.wansait.com\/wp-content\/uploads\/2009\/06\/carasseverin_semenic_trails.jpg?resize=350%2C200&ssl=1","width":350,"height":200,"srcset":"https:\/\/i0.wp.com\/harti.wansait.com\/wp-content\/uploads\/2009\/06\/carasseverin_semenic_trails.jpg?resize=350%2C200&ssl=1 1x, https:\/\/i0.wp.com\/harti.wansait.com\/wp-content\/uploads\/2009\/06\/carasseverin_semenic_trails.jpg?resize=525%2C300&ssl=1 1.5x, https:\/\/i0.wp.com\/harti.wansait.com\/wp-content\/uploads\/2009\/06\/carasseverin_semenic_trails.jpg?resize=700%2C400&ssl=1 2x, https:\/\/i0.wp.com\/harti.wansait.com\/wp-content\/uploads\/2009\/06\/carasseverin_semenic_trails.jpg?resize=1050%2C600&ssl=1 3x, https:\/\/i0.wp.com\/harti.wansait.com\/wp-content\/uploads\/2009\/06\/carasseverin_semenic_trails.jpg?resize=1400%2C800&ssl=1 4x"},"classes":[]},{"id":52,"url":"https:\/\/harti.wansait.com\/ro_ro\/2009\/resita-romania-the-central-zone\/","url_meta":{"origin":67,"position":4},"title":"Resita (Romania) &#8211; The Central zone","author":"hrnicu","date":"iunie 10, 2009","format":false,"excerpt":"Centrul orasului Resita, resedinta judetului Caras-Severin","rel":"","context":"\u00cen \u201eTourist Maps\u201d","block_context":{"text":"Tourist Maps","link":"https:\/\/harti.wansait.com\/ro_ro\/category\/tourist-maps\/"},"img":{"alt_text":"","src":"https:\/\/i0.wp.com\/harti.wansait.com\/wp-content\/uploads\/2009\/06\/cs_harta.jpg?resize=350%2C200&ssl=1","width":350,"height":200,"srcset":"https:\/\/i0.wp.com\/harti.wansait.com\/wp-content\/uploads\/2009\/06\/cs_harta.jpg?resize=350%2C200&ssl=1 1x, https:\/\/i0.wp.com\/harti.wansait.com\/wp-content\/uploads\/2009\/06\/cs_harta.jpg?resize=525%2C300&ssl=1 1.5x, https:\/\/i0.wp.com\/harti.wansait.com\/wp-content\/uploads\/2009\/06\/cs_harta.jpg?resize=700%2C400&ssl=1 2x"},"classes":[]},{"id":86,"url":"https:\/\/harti.wansait.com\/ro_ro\/2009\/resita-transportation-map\/","url_meta":{"origin":67,"position":5},"title":"Resita &#8211; Transportation Map","author":"hrnicu","date":"iunie 10, 2009","format":false,"excerpt":"Public transport network in Resita (Banat) Transportul public de persoane in Resita (Caras-Severin). Harta.","rel":"","context":"\u00cen \u201eTourist Maps\u201d","block_context":{"text":"Tourist Maps","link":"https:\/\/harti.wansait.com\/ro_ro\/category\/tourist-maps\/"},"img":{"alt_text":"","src":"https:\/\/i0.wp.com\/harti.wansait.com\/wp-content\/uploads\/2009\/06\/harta-transport-scaled.gif?resize=350%2C200&ssl=1","width":350,"height":200,"srcset":"https:\/\/i0.wp.com\/harti.wansait.com\/wp-content\/uploads\/2009\/06\/harta-transport-scaled.gif?resize=350%2C200&ssl=1 1x, https:\/\/i0.wp.com\/harti.wansait.com\/wp-content\/uploads\/2009\/06\/harta-transport-scaled.gif?resize=525%2C300&ssl=1 1.5x, https:\/\/i0.wp.com\/harti.wansait.com\/wp-content\/uploads\/2009\/06\/harta-transport-scaled.gif?resize=700%2C400&ssl=1 2x, https:\/\/i0.wp.com\/harti.wansait.com\/wp-content\/uploads\/2009\/06\/harta-transport-scaled.gif?resize=1050%2C600&ssl=1 3x, https:\/\/i0.wp.com\/harti.wansait.com\/wp-content\/uploads\/2009\/06\/harta-transport-scaled.gif?resize=1400%2C800&ssl=1 4x"},"classes":[]}],"_links":{"self":[{"href":"https:\/\/harti.wansait.com\/ro_ro\/wp-json\/wp\/v2\/posts\/67","targetHints":{"allow":["GET"]}}],"collection":[{"href":"https:\/\/harti.wansait.com\/ro_ro\/wp-json\/wp\/v2\/posts"}],"about":[{"href":"https:\/\/harti.wansait.com\/ro_ro\/wp-json\/wp\/v2\/types\/post"}],"author":[{"embeddable":true,"href":"https:\/\/harti.wansait.com\/ro_ro\/wp-json\/wp\/v2\/users\/2"}],"replies":[{"embeddable":true,"href":"https:\/\/harti.wansait.com\/ro_ro\/wp-json\/wp\/v2\/comments?post=67"}],"version-history":[{"count":4,"href":"https:\/\/harti.wansait.com\/ro_ro\/wp-json\/wp\/v2\/posts\/67\/revisions"}],"predecessor-version":[{"id":15140,"href":"https:\/\/harti.wansait.com\/ro_ro\/wp-json\/wp\/v2\/posts\/67\/revisions\/15140"}],"wp:featuredmedia":[{"embeddable":true,"href":"https:\/\/harti.wansait.com\/ro_ro\/wp-json\/wp\/v2\/media\/66"}],"wp:attachment":[{"href":"https:\/\/harti.wansait.com\/ro_ro\/wp-json\/wp\/v2\/media?parent=67"}],"wp:term":[{"taxonomy":"category","embeddable":true,"href":"https:\/\/harti.wansait.com\/ro_ro\/wp-json\/wp\/v2\/categories?post=67"},{"taxonomy":"post_tag","embeddable":true,"href":"https:\/\/harti.wansait.com\/ro_ro\/wp-json\/wp\/v2\/tags?post=67"}],"curies":[{"name":"wp","href":"https:\/\/api.w.org\/{rel}","templated":true}]}}